{"id":6232,"date":"2026-04-24T11:24:13","date_gmt":"2026-04-24T09:24:13","guid":{"rendered":"https:\/\/iiclubiana.esteri.it\/?p=6232"},"modified":"2026-04-24T13:18:46","modified_gmt":"2026-04-24T11:18:46","slug":"contributi-per-visite-di-ricercatori-docenti-esperti-personalita-della-cultura-e-operatori-culturali","status":"publish","type":"post","link":"https:\/\/iiclubiana.esteri.it\/sl\/news\/dall_istituto\/2026\/04\/contributi-per-visite-di-ricercatori-docenti-esperti-personalita-della-cultura-e-operatori-culturali\/","title":{"rendered":"CONTRIBUTI PER VISITE DI RICERCATORI, DOCENTI, ESPERTI, PERSONALIT\u00c0 DELLA CULTURA E OPERATORI CULTURALI"},"content":{"rendered":"<p><strong>CONTRIBUTI PER VISITE DI RICERCATORI, DOCENTI, ESPERTI, PERSONALIT\u00c0 DELLA CULTURA E OPERATORI CULTURALI<\/strong><\/p>\n<p><b>Termine per la presentazione delle domande: 13 luglio 2026<\/b><\/p>\n<p><strong>\u00a0<\/strong><\/p>\n<p><strong><u>RICHIEDENTI ITALIANI E STRANIERI<\/u><\/strong><\/p>\n<p><strong>\u00a0<\/strong><\/p>\n<p><strong>\u00a0<\/strong><\/p>\n<p><strong>Chi pu\u00f2 richiedere il contributo?<\/strong><\/p>\n<p>&nbsp;<\/p>\n<p>Ricercatori, docenti, esperti, personalit\u00e0 e operatori culturali:<\/p>\n<ol>\n<li>italiani e stranieri residenti in Italia da almeno due anni invitati presso istituzioni universitarie o culturali straniere per ragioni di studio o di ricerca;<\/li>\n<li>stranieri e italiani residenti all\u2019estero invitati presso istituzioni universitarie o culturali italiane per ragioni di studio o di ricerca;<\/li>\n<\/ol>\n<p>&nbsp;<\/p>\n<p><strong>A quanto ammonta il contributo?<\/strong><\/p>\n<p>&nbsp;<\/p>\n<p><em>I soggetti richiedenti possono presentare richiesta al<\/em> MAECI di un contributo economico a copertura parziale delle spese di viaggio e soggiorno, erogato in forma forfettaria nella misura massima di 1.500 e 3.000 euro a seconda della destinazione e per un periodo massimo di 10 giorni di attivit\u00e0. Non \u00e8 prevista l\u2019erogazione del contributo oltre il decimo giorno di permanenza.<\/p>\n<p>&nbsp;<\/p>\n<p>Il contributo consiste in un importo forfettario giornaliero onnicomprensivo, di cui 250 euro al giorno per permanenze fino a 5 giorni e 50 euro al giorno dal sesto fino al decimo giorno di permanenza all\u2019estero o in Italia, per un valore di massimo 1.500 euro a missione.<\/p>\n<p>Al fine di incentivare la cooperazione con aree strategiche ma geograficamente distanti, quali i Paesi dell\u2019Asia, dell\u2019Africa (esclusa l\u2019area MENA) e delle Americhe, \u00e8 previsto un contributo pari a 350 euro al giorno per permanenze fino a 5 giorni e 250 euro al giorno dal sesto fino al decimo giorno nella misura massima di 3.000 euro a beneficiario <em>per missioni nei succitati paesi<\/em>. L\u2019Amministrazione si riserva di modificare la lista delle suddette aree.<\/p>\n<p>Entro il tetto forfettario fissato dal bando, le missioni all\u2019estero effettuate dai candidati italiani possono prevedere attivit\u00e0 da svolgersi in pi\u00f9 Paesi. Si precisa che l\u2019invito all\u2019estero non pu\u00f2 essere vincolato all\u2019erogazione del contributo da parte del MAECI. Si precisa inoltre che non sono ammessi rimborsi per viaggi che non avvengano in classe economica.<\/p>\n<p>Ai fini del conteggio, sono da includere solo i giorni di effettivo svolgimento di attivit\u00e0 culturali e\/o di ricerca.<\/p>\n<p>&nbsp;<\/p>\n<p>Si fa presente che l\u2019assegnazione dei contributi avverr\u00e0, in ogni caso, fino ad esaurimento dei fondi disponibili sul capitolo assegnato.<\/p>\n<p>&nbsp;<\/p>\n<p><strong>A chi inviare la domanda?<\/strong><\/p>\n<p><strong>\u00a0<\/strong><\/p>\n<p>Gli interessati, sia italiani che stranieri, possono presentare istanza all&#8217;Istituto Italiano di Cultura competente per territorio. Se l&#8217;IIC non \u00e8 presente nel Paese, la domanda sar\u00e0 inviata alla Rappresentanza diplomatica o consolare competente territorialmente, con in copia lo scrivente Ufficio (<a href=\"mailto:dgce06.missioni@esteri.it\">dgce06.missioni@esteri.it<\/a>).<\/p>\n<p>Si sottolinea che saranno accettate solo le richieste di contributo da parte di chi ha ricevuto <u>un invito ufficiale da parte di un\u2019istituzione universitaria o culturale<\/u>, dando preferenza a inviti nell&#8217;ambito di Accordi e Programmi Esecutivi di Cooperazione Culturale bilaterale.<\/p>\n<p>&nbsp;<\/p>\n<p>Per quanto riguarda i richiedenti italiani o residenti in Italia, l&#8217;invito deve provenire da un\u2019istituzione universitaria o culturale straniera. Al contrario, per i richiedenti stranieri o italiani residenti all\u2019estero, l&#8217;invito deve essere rilasciato da un\u2019istituzione italiana.<\/p>\n<p>&nbsp;<\/p>\n<p><strong>Quali documenti deve includere la domanda?<\/strong><\/p>\n<p>&nbsp;<\/p>\n<p>La domanda deve includere i seguenti documenti:<\/p>\n<p>&nbsp;<\/p>\n<table>\n<tbody>\n<tr>\n<td width=\"66\"><strong>All. 1<\/strong><\/td>\n<td width=\"576\">Dichiarazione sostitutiva di certificazione (v. sotto)<\/td>\n<\/tr>\n<tr>\n<td width=\"66\"><strong>All. 2<\/strong><\/td>\n<td width=\"576\">Lettera dell\u2019istituzione universitaria o culturale italiana\/straniera con cui si \u00e8 stati invitati a soggiornare in Italia\/Estero<\/td>\n<\/tr>\n<tr>\n<td width=\"66\"><strong>All. 3<\/strong><\/td>\n<td width=\"576\">Lettera di accettazione dell\u2019invito da parte del candidato<\/td>\n<\/tr>\n<tr>\n<td width=\"66\"><strong>All. 4<\/strong><\/td>\n<td width=\"576\">Curriculum vitae del richiedente<\/td>\n<\/tr>\n<tr>\n<td width=\"66\"><strong>All. 5<\/strong><\/td>\n<td width=\"576\">Copia di un documento di identit\u00e0 in corso di validit\u00e0<\/td>\n<\/tr>\n<tr>\n<td width=\"66\"><strong>All. 6<\/strong><\/td>\n<td width=\"576\">Informativa sul trattamento dei dati personali firmata per accettazione (v. sotto)<\/td>\n<\/tr>\n<tr>\n<td width=\"66\"><strong>All. 7<\/strong><\/td>\n<td width=\"576\">Modulo contenente i dati anagrafici e le coordinate bancarie del beneficiario, da redigere e inviare <u>esclusivamente in formato Word<\/u>. Non saranno accettati documenti salvati in altri formati (v. sotto)<\/td>\n<\/tr>\n<tr>\n<td width=\"66\"><strong>All.8<\/strong><\/td>\n<td width=\"576\">Certificato di permanenza rilasciato dall\u2019Ente ospitante<\/td>\n<\/tr>\n<tr>\n<td width=\"66\"><strong>All. 9<\/strong><\/td>\n<td width=\"576\">Relazione finale sull\u2019attivit\u00e0 svolta<\/td>\n<\/tr>\n<tr>\n<td width=\"66\"><strong>All. 10<\/strong><\/td>\n<td width=\"576\">Titoli di viaggio, come biglietti aerei e carte di imbarco<\/td>\n<\/tr>\n<\/tbody>\n<\/table>\n<p>&nbsp;<\/p>\n<p><strong><u>Come viene erogato il contributo?<\/u><\/strong><\/p>\n<p>I contributi saranno erogati tramite bonifico sul conto bancario dell&#8217;interessato.<\/p>\n<p>&nbsp;<\/p>\n<p><strong>\u00c8 necessario redigere una relazione finale?<\/strong><\/p>\n<p>I beneficiari del contributo dovranno inviare all&#8217;Ufficio (IIC o Rappresentanza) a cui hanno presentato la domanda una <strong>relazione<\/strong> sull\u2019attivit\u00e0 svolta durante la missione.<\/p>\n<p>&nbsp;<\/p>\n<p>&nbsp;<\/p>\n<p>&nbsp;<\/p>\n<p>&nbsp;<\/p>\n<p>&nbsp;<\/p>\n<p>&nbsp;<\/p>\n<p>&nbsp;<\/p>\n<p>&nbsp;<\/p>\n<p>&nbsp;<\/p>\n<p>&nbsp;<\/p>\n<p>&nbsp;<\/p>\n<p>&nbsp;<\/p>\n<p>&nbsp;<\/p>\n<p>&nbsp;<\/p>\n<p><strong><u>ALLEGATO 1<\/u><\/strong><\/p>\n<p><strong>\u00a0<\/strong><\/p>\n<p><strong>\u00a0<\/strong><\/p>\n<p><strong>DICHIARAZIONE SOSTITUTIVA DI CERTIFICAZIONE<\/strong><\/p>\n<p>(Art. 46 del D.P.R. 28 dicembre 2000, n. 445)<\/p>\n<p><strong><u>\u00a0<\/u><\/strong><\/p>\n<p><strong><u>\u00a0<\/u><\/strong><\/p>\n<p>Il\/La sottoscritto\/a \u2026\u2026\u2026\u2026\u2026\u2026\u2026\u2026\u2026\u2026\u2026\u2026\u2026\u2026\u2026\u2026\u2026\u2026\u2026\u2026\u2026\u2026\u2026\u2026\u2026\u2026. , nato a \u2026\u2026\u2026\u2026\u2026\u2026\u2026\u2026\u2026\u2026\u2026\u2026\u2026..<\/p>\n<p>Il&#8230;.\u2026\/\u2026..\/\u2026.\u2026\u2026, residente in \u2026\u2026\u2026\u2026\u2026\u2026\u2026\u2026\u2026\u2026\u2026\u2026\u2026\u2026\u2026\u2026\u2026\u2026\u2026\u2026\u2026 \u2026\u2026\u2026\u2026\u2026\u2026\u2026\u2026\u2026\u2026\u2026\u2026\u2026\u2026\u2026\u2026\u2026\u2026\u2026\u2026\u2026\u2026\u2026\u2026\u2026\u2026\u2026\u2026.. (indicare l\u2019indirizzo di residenza completo).<\/p>\n<p>&nbsp;<\/p>\n<p><strong>DICHIARA<\/strong><\/p>\n<ul>\n<li>di essere cittadino \u2026\u2026\u2026\u2026\u2026\u2026\u2026\u2026\u2026\u2026\u2026\u2026\u2026.;<\/li>\n<\/ul>\n<p>&nbsp;<\/p>\n<ul>\n<li>di essere un ricercatore, un docente, un esperto, una personalit\u00e0 della cultura o un operatore culturale;<\/li>\n<\/ul>\n<p>&nbsp;<\/p>\n<ul>\n<li>di essere stato invitato a trascorrere un periodo di studio o ricerca presso la seguente istituzione universitaria o culturale \u2026\u2026\u2026\u2026\u2026\u2026\u2026\u2026\u2026\u2026\u2026\u2026\u2026\u2026\u2026\u2026\u2026\u2026\u2026\u2026\u2026\u2026\u2026\u2026\u2026\u2026\u2026\u2026\u2026\u2026\u2026\u2026\u2026\u2026\u2026\u2026.. con sede a \u2026\u2026\u2026\u2026\u2026\u2026\u2026\u2026\u2026\u2026\u2026\u2026. ;<\/li>\n<\/ul>\n<p>&nbsp;<\/p>\n<ul>\n<li>che tale periodo avr\u00e0 luogo dal \u2026 \/ \u2026 \/ \u2026\u2026 al \u2026 \/ \u2026 \/ \u2026\u2026 ed \u00e8 quantificabile in (inserire numero) ____ di giorni di effettiva attivit\u00e0.<\/li>\n<\/ul>\n<p>&nbsp;<\/p>\n<ul>\n<li>che tale soggiorno \u00e8 finalizzato al raggiungimento dei seguenti scopi:<\/li>\n<\/ul>\n<p>\u2026\u2026\u2026\u2026\u2026\u2026\u2026\u2026\u2026\u2026\u2026\u2026\u2026\u2026\u2026\u2026\u2026\u2026\u2026\u2026\u2026\u2026\u2026\u2026\u2026\u2026\u2026\u2026\u2026\u2026\u2026\u2026\u2026\u2026\u2026\u2026\u2026\u2026\u2026\u2026\u2026\u2026\u2026\u2026\u2026\u2026\u2026\u2026\u2026\u2026\u2026\u2026\u2026\u2026\u2026\u2026\u2026\u2026\u2026\u2026\u2026\u2026\u2026\u2026\u2026\u2026\u2026\u2026\u2026\u2026\u2026\u2026\u2026\u2026\u2026\u2026\u2026\u2026\u2026\u2026\u2026\u2026\u2026\u2026\u2026\u2026\u2026\u2026\u2026\u2026\u2026\u2026\u2026\u2026\u2026\u2026\u2026\u2026\u2026\u2026\u2026\u2026\u2026\u2026\u2026\u2026\u2026\u2026\u2026\u2026\u2026\u2026\u2026\u2026\u2026\u2026\u2026\u2026\u2026\u2026\u2026\u2026\u2026\u2026\u2026\u2026\u2026\u2026\u2026\u2026\u2026\u2026\u2026\u2026\u2026\u2026\u2026\u2026\u2026\u2026\u2026\u2026\u2026\u2026\u2026\u2026\u2026\u2026\u2026\u2026\u2026\u2026\u2026\u2026\u2026\u2026\u2026\u2026\u2026\u2026\u2026\u2026\u2026\u2026\u2026\u2026\u2026\u2026\u2026\u2026\u2026\u2026\u2026\u2026\u2026\u2026\u2026\u2026\u2026\u2026\u2026\u2026\u2026\u2026\u2026\u2026\u2026\u2026\u2026\u2026\u2026\u2026\u2026\u2026\u2026\u2026\u2026\u2026\u2026\u2026\u2026\u2026\u2026\u2026\u2026\u2026\u2026\u2026\u2026\u2026\u2026\u2026\u2026\u2026\u2026\u2026\u2026\u2026\u2026\u2026<\/p>\n<p>&nbsp;<\/p>\n<ul>\n<li>di essere titolare del seguente conto corrente da utilizzare per l\u2019erogazione del contributo:\n<ul>\n<li>Intestatario del conto corrente: \u2026\u2026\u2026\u2026\u2026\u2026\u2026\u2026\u2026\u2026\u2026\u2026\u2026\u2026\u2026\u2026\u2026\u2026\u2026&#8230;<\/li>\n<li>Numero conto: \u2026\u2026\u2026\u2026\u2026\u2026\u2026\u2026\u2026\u2026\u2026\u2026\u2026\u2026\u2026\u2026\u2026\u2026\u2026\u2026\u2026\u2026\u2026\u2026\u2026\u2026<\/li>\n<li>Banca: \u2026\u2026\u2026\u2026\u2026\u2026\u2026\u2026\u2026\u2026\u2026\u2026\u2026\u2026\u2026\u2026\u2026\u2026\u2026\u2026\u2026\u2026\u2026\u2026..\u2026\u2026\u2026\u2026&#8230;<\/li>\n<li>Codice SWIFT\/BIC: \u2026\u2026\u2026\u2026\u2026\u2026\u2026\u2026\u2026\u2026\u2026\u2026\u2026\u2026\u2026\u2026\u2026\u2026.\u2026\u2026\u2026\u2026\u2026..<\/li>\n<\/ul>\n<\/li>\n<\/ul>\n<p>&nbsp;<\/p>\n<table>\n<tbody>\n<tr>\n<td width=\"255\"><em>Luogo e data<\/em><\/p>\n<p>&nbsp;<\/p>\n<p>\u2026\u2026\u2026\u2026\u2026\u2026\u2026\u2026\u2026\u2026\u2026\u2026\u2026\u2026\u2026<\/td>\n<td width=\"387\"><em>Firma del dichiarante<\/em><\/p>\n<p>&nbsp;<\/p>\n<p>\u2026\u2026\u2026\u2026\u2026\u2026\u2026\u2026\u2026\u2026\u2026\u2026\u2026\u2026\u2026\u2026\u2026\u2026\u2026\u2026\u2026\u2026\u2026\u2026\u2026\u2026.<\/td>\n<\/tr>\n<\/tbody>\n<\/table>\n<p><strong><u>\u00a0<\/u><\/strong><\/p>\n<p><strong><u>ALLEGATO 6<\/u><\/strong><\/p>\n<p><strong>\u00a0<\/strong><\/p>\n<p><strong>\u00a0<\/strong><\/p>\n<p><strong><em>Informativa sulla protezione delle persone fisiche con riguardo al trattamento dei dati personali<\/em><\/strong><\/p>\n<p><strong><em>Regolamento Generale sulla Protezione dei Dati (UE) 2016\/679, art. 13<\/em><\/strong><\/p>\n<p>&nbsp;<\/p>\n<p>Il trattamento dei dati personali chiesti per la presentazione della domanda di contributo a valere sul Cap. 2619\/7, cos\u00ec come di quelli aggiunti in maniera facoltativa dall\u2019interessato, sar\u00e0 improntato ai principi di liceit\u00e0, correttezza e trasparenza a tutela dei diritti e delle libert\u00e0 fondamentali delle persone fisiche.<\/p>\n<p>&nbsp;<\/p>\n<p>A tal fine, in conformit\u00e0 con il Regolamento Generale sulla Protezione dei Dati (UE) 2016\/679, art. 13, si forniscono le seguenti informazioni:<\/p>\n<p>&nbsp;<\/p>\n<ol>\n<li>Il titolare del trattamento dei dati \u00e8 il MAECI il quale opera, nel caso specifico, per il tramite dell\u2019Unit\u00e0 di coordinamento degli IIC della Direzione Generale per Generale per la Crescita e la Promozione delle Esportazioni (indirizzo postale: MAECI &#8211; DGCE, Piazzale della Farnesina 1, 00135 Roma; tel. 0636915059; mail: dgce06@esteri.it; pec: dgce06@cert.esteri.it).<\/li>\n<li>Per quesiti o reclami in materia di privatezza, l\u2019interessato pu\u00f2 contattare il Responsabile della Protezione dei Dati personali (RPD) del MAECI (MAECI &#8211; RPD, Piazzale della Farnesina 1, 00135 Roma; tel. 0039 0636911 (centralino); mail: rpd@esteri.it; pec: rpd@cert.esteri.it).<\/li>\n<li>Il trattamento dei dati richiesti \u00e8 necessario per partecipare alla presente procedura.<\/li>\n<li>Il conferimento dei predetti dati \u00e8 basato sul consenso ma l\u2019eventuale indisponibilit\u00e0 a fornirli render\u00e0 la manifestazione di interesse irricevibile.<\/li>\n<li>Il trattamento dei dati sar\u00e0 svolto in modalit\u00e0 mista (manuale ed automatizzata) dal personale appositamente incaricato della DGCE e dai vertici del MAECI.<\/li>\n<li>I dati personali saranno comunicati agli organi di controllo del MAECI ed agli aventi diritto all\u2019eventuale accesso documentale ai sensi dell\u2019art. 22 della L. 241\/1990 e ss.mm.ii. I dati anagrafici e professionali del candidato selezionato saranno pubblicati sul sito istituzionale del MAECI.<\/li>\n<li>I dati dei richiedenti non beneficiari di contributi saranno conservati per 15 anni, salvo contenziosi in corso, a decorrere dalla data di conclusione della procedura, mentre, per motivi di certezza giuridica, i dati del candidato selezionato saranno conservati a tempo indeterminato.<\/li>\n<li>Gli interessati possono chiedere l\u2019accesso ai propri dati personali e la loro rettifica. Ai sensi della normativa vigente e fatte salve le eventuali conseguenze sulla partecipazione alla presente procedura pubblica, essi possono altres\u00ec chiedere la cancellazione di tali dati, nonch\u00e9 la limitazione del trattamento o l\u2019opposizione al trattamento. Nei predetti casi, gli interessati dovranno presentare apposita richiesta all\u2019Unit\u00e0 indicata al punto 1, informando per conoscenza l\u2019RPD del MAECI.<\/li>\n<li>Se ritengono che i propri diritti in materia di privatezza siano stati violati, gli interessati possono presentare reclamo all\u2019RPD del MAECI. Qualora non siano soddisfatti della risposta, possono rivolgersi al Garante per la Protezione dei Dati personali (indirizzo: Piazza Venezia 11, 00187 Roma, tel. 0039 06696771 (centralino), mail: garante@gpdp.it, pec: <a href=\"mailto:protocollo@pec.gpdp.it\">protocollo@pec.gpdp.it<\/a>).<\/li>\n<\/ol>\n<p>&nbsp;<\/p>\n<p>&nbsp;<\/p>\n<p>&nbsp;<\/p>\n<p>&nbsp;<\/p>\n<p>&nbsp;<\/p>\n<p>&nbsp;<\/p>\n<p>&nbsp;<\/p>\n<table width=\"100%\">\n<tbody>\n<tr>\n<td width=\"50%\"><em>Luogo e data<\/em><\/p>\n<p>&nbsp;<\/p>\n<p>&nbsp;<\/p>\n<p>\u2026\u2026\u2026\u2026\u2026\u2026\u2026\u2026\u2026\u2026\u2026\u2026\u2026\u2026\u2026\u2026\u2026..<\/td>\n<td width=\"50%\"><em>Firma per presa visione e accettazione<\/em><\/p>\n<p><em>del trattamento dei propri dati<\/em><\/p>\n<p>&nbsp;<\/p>\n<p>\u2026\u2026\u2026\u2026\u2026\u2026\u2026\u2026\u2026\u2026\u2026\u2026\u2026\u2026\u2026\u2026\u2026\u2026\u2026\u2026\u2026\u2026\u2026.<\/td>\n<\/tr>\n<\/tbody>\n<\/table>\n<p>&nbsp;<\/p>\n<p>&nbsp;<\/p>\n<p>&nbsp;<\/p>\n<p>&nbsp;<\/p>\n<p><strong><u>ALLEGATO 7<\/u><\/strong><\/p>\n<p><strong><u>\u00a0<\/u><\/strong><\/p>\n<p><strong>DATI ANAGRAFICI<\/strong><\/p>\n<ul>\n<li>NOME: \u2026\u2026\u2026\u2026\u2026\u2026\u2026\u2026\u2026\u2026\u2026\u2026\u2026\u2026\u2026\u2026\u2026\u2026\u2026\u2026\u2026\u2026\u2026\u2026\u2026.<\/li>\n<li>COGNOME: \u2026\u2026\u2026\u2026\u2026\u2026\u2026\u2026\u2026\u2026\u2026\u2026\u2026\u2026\u2026\u2026\u2026\u2026\u2026\u2026\u2026\u2026\u2026.<\/li>\n<li>LUOGO DI NASCITA: \u2026\u2026\u2026\u2026\u2026\u2026\u2026\u2026\u2026\u2026\u2026\u2026\u2026\u2026\u2026\u2026\u2026\u2026\u2026<\/li>\n<li>DATA DI NASCITA: \u2026\u2026\u2026\u2026\u2026\u2026\u2026\u2026\u2026\u2026\u2026\u2026\u2026\u2026\u2026\u2026\u2026\u2026\u2026\u2026<\/li>\n<li>INDIRIZZO DI RESIDENZA: \u2026\u2026\u2026\u2026\u2026\u2026\u2026\u2026\u2026\u2026\u2026\u2026\u2026\u2026\u2026\u2026.<\/li>\n<li>CODICE FISCALE (SE CITTADINO ITALIANO): \u2026\u2026\u2026\u2026\u2026\u2026\u2026..<\/li>\n<\/ul>\n<p><strong>\u00a0<\/strong><\/p>\n<p><strong>COORDINATE BANCARIE <\/strong><\/p>\n<p>&nbsp;<\/p>\n<ul>\n<li>Intestatario del conto corrente: \u2026\u2026\u2026\u2026\u2026\u2026\u2026\u2026\u2026\u2026\u2026\u2026\u2026\u2026\u2026\u2026.<\/li>\n<li>IBAN: \u2026\u2026\u2026\u2026\u2026\u2026\u2026\u2026\u2026\u2026\u2026\u2026\u2026\u2026\u2026\u2026\u2026\u2026\u2026\u2026\u2026\u2026\u2026\u2026\u2026\u2026<\/li>\n<li>BIC\/SWIFT:\u2026\u2026\u2026\u2026\u2026\u2026\u2026\u2026\u2026\u2026\u2026\u2026\u2026\u2026\u2026\u2026\u2026\u2026\u2026\u2026\u2026\u2026\u2026\u2026<\/li>\n<li>Banca: \u2026\u2026\u2026\u2026\u2026\u2026\u2026\u2026\u2026\u2026\u2026\u2026\u2026\u2026\u2026\u2026\u2026\u2026\u2026\u2026\u2026\u2026\u2026\u2026\u2026&#8230;<\/li>\n<\/ul>\n<p>&nbsp;<\/p>\n<p>&nbsp;<\/p>\n","protected":false},"excerpt":{"rendered":"CONTRIBUTI PER VISITE DI RICERCATORI, DOCENTI, ESPERTI, PERSONALIT\u00c0 DELLA CULTURA E OPERATORI CULTURALI Termine per la presentazione delle domande: 13 luglio 2026 \u00a0 RICHIEDENTI ITALIANI E STRANIERI \u00a0 \u00a0 Chi pu\u00f2 richiedere il contributo? &nbsp; Ricercatori, docenti, esperti, personalit\u00e0 e operatori culturali: italiani e stranieri residenti in Italia da almeno due anni invitati presso istituzioni [&hellip;]","protected":false},"author":7,"featured_media":0,"comment_status":"closed","ping_status":"closed","sticky":false,"template":"","format":"standard","meta":{"footnotes":""},"tags":[],"class_list":["post-6232","post","type-post","status-publish","format-standard","hentry"],"_links":{"self":[{"href":"https:\/\/iiclubiana.esteri.it\/sl\/wp-json\/wp\/v2\/posts\/6232","targetHints":{"allow":["GET"]}}],"collection":[{"href":"https:\/\/iiclubiana.esteri.it\/sl\/wp-json\/wp\/v2\/posts"}],"about":[{"href":"https:\/\/iiclubiana.esteri.it\/sl\/wp-json\/wp\/v2\/types\/post"}],"author":[{"embeddable":true,"href":"https:\/\/iiclubiana.esteri.it\/sl\/wp-json\/wp\/v2\/users\/7"}],"replies":[{"embeddable":true,"href":"https:\/\/iiclubiana.esteri.it\/sl\/wp-json\/wp\/v2\/comments?post=6232"}],"version-history":[{"count":4,"href":"https:\/\/iiclubiana.esteri.it\/sl\/wp-json\/wp\/v2\/posts\/6232\/revisions"}],"predecessor-version":[{"id":6253,"href":"https:\/\/iiclubiana.esteri.it\/sl\/wp-json\/wp\/v2\/posts\/6232\/revisions\/6253"}],"wp:attachment":[{"href":"https:\/\/iiclubiana.esteri.it\/sl\/wp-json\/wp\/v2\/media?parent=6232"}],"wp:term":[{"taxonomy":"post_tag","embeddable":true,"href":"https:\/\/iiclubiana.esteri.it\/sl\/wp-json\/wp\/v2\/tags?post=6232"}],"curies":[{"name":"wp","href":"https:\/\/api.w.org\/{rel}","templated":true}]}}