{"id":6007,"date":"2026-03-11T13:44:49","date_gmt":"2026-03-11T12:44:49","guid":{"rendered":"https:\/\/iiclubiana.esteri.it\/?p=6007"},"modified":"2026-03-11T14:13:34","modified_gmt":"2026-03-11T13:13:34","slug":"natecaj-za-violino-mesta-vittorio-veneto-3-evropska-izdaja-2026","status":"publish","type":"post","link":"https:\/\/iiclubiana.esteri.it\/sl\/news\/dall_istituto\/2026\/03\/natecaj-za-violino-mesta-vittorio-veneto-3-evropska-izdaja-2026\/","title":{"rendered":"Nate\u010daj za violino mesta Vittorio Veneto \u2013 3. evropska izdaja 2026"},"content":{"rendered":"<p>Spodaj najdete nate\u010daj 34. edicije in 3. evropske edicije nate\u010daja za violino mesta Vittorio Veneto &#8211; &#8220;Premio Citt\u00e0 di Vittorio Veneto&#8221; , ki se bo odvijal konec avgusta 2026.<\/p>\n<p>Rok za oddajo vlog, ki morajo biti poslane preko portala https:\/\/concorsoviolino.it\/, je 31. maj 2026.<\/p>\n","protected":false},"excerpt":{"rendered":"Spodaj najdete nate\u010daj 34. edicije in 3. evropske edicije nate\u010daja za violino mesta Vittorio Veneto &#8211; &#8220;Premio Citt\u00e0 di Vittorio Veneto&#8221; , ki se bo odvijal konec avgusta 2026. Rok za oddajo vlog, ki morajo biti poslane preko portala https:\/\/concorsoviolino.it\/, je 31. maj 2026.","protected":false},"author":7,"featured_media":0,"comment_status":"closed","ping_status":"closed","sticky":false,"template":"","format":"standard","meta":{"footnotes":""},"tags":[],"class_list":["post-6007","post","type-post","status-publish","format-standard","hentry"],"_links":{"self":[{"href":"https:\/\/iiclubiana.esteri.it\/sl\/wp-json\/wp\/v2\/posts\/6007","targetHints":{"allow":["GET"]}}],"collection":[{"href":"https:\/\/iiclubiana.esteri.it\/sl\/wp-json\/wp\/v2\/posts"}],"about":[{"href":"https:\/\/iiclubiana.esteri.it\/sl\/wp-json\/wp\/v2\/types\/post"}],"author":[{"embeddable":true,"href":"https:\/\/iiclubiana.esteri.it\/sl\/wp-json\/wp\/v2\/users\/7"}],"replies":[{"embeddable":true,"href":"https:\/\/iiclubiana.esteri.it\/sl\/wp-json\/wp\/v2\/comments?post=6007"}],"version-history":[{"count":3,"href":"https:\/\/iiclubiana.esteri.it\/sl\/wp-json\/wp\/v2\/posts\/6007\/revisions"}],"predecessor-version":[{"id":6011,"href":"https:\/\/iiclubiana.esteri.it\/sl\/wp-json\/wp\/v2\/posts\/6007\/revisions\/6011"}],"wp:attachment":[{"href":"https:\/\/iiclubiana.esteri.it\/sl\/wp-json\/wp\/v2\/media?parent=6007"}],"wp:term":[{"taxonomy":"post_tag","embeddable":true,"href":"https:\/\/iiclubiana.esteri.it\/sl\/wp-json\/wp\/v2\/tags?post=6007"}],"curies":[{"name":"wp","href":"https:\/\/api.w.org\/{rel}","templated":true}]}}